{"id":8175,"date":"2022-04-17T11:49:37","date_gmt":"2022-04-17T09:49:37","guid":{"rendered":"http:\/\/petras-testparcour.de\/?p=8175"},"modified":"2022-04-20T19:37:42","modified_gmt":"2022-04-20T17:37:42","slug":"spiegel-von-spiegelando","status":"publish","type":"post","link":"https:\/\/petras-testparcour.de\/?p=8175","title":{"rendered":"Spiegel von \u201eSpiegelando\u201c\u2026"},"content":{"rendered":"<p style=\"text-align: justify;\"><em><strong>*Werbung*<\/strong>\u00a0\u00a0 Nach und nach haben wir in den letzten Wochen unser G\u00e4ste-WC renoviert und nat\u00fcrlich auch das ein oder andere des Inventars erneuert \u2013 so wie bspw. auch unseren Badspiegel, der schon einige Jahre auf dem Buckel hatte und noch mit einer kleinen Klemmleuchte beleuchtet wurde &#8211; so wie das fr\u00fcher eben war. &#x1f60a;<\/em><\/p>\n<p style=\"text-align: justify;\"><em>Aber wie bei allem anderen auch, hat sich in der Welt der Spiegel zwischenzeitig ebenfalls so einiges getan. Klar, f\u00fcr den ein oder anderen ist ein Spiegel sicherlich nach wie vor einfach nur ein Nutzgegenstand, in dem man sich zwar jeden Tag betrachtet, der aber sonst keinerlei Funktion hat. Ich hingegen finde, dass sich ein Spiegel durchaus auch ins \u00fcbrige Mobiliar einf\u00fcgen und das Gesamtbild des Ambientes abrunden sollte.<\/em><\/p>\n<p style=\"text-align: justify;\"><em>Mittlerweile bekommt man online schon wunderbare Spiegel, die man sich exakt nach seinen W\u00fcnschen konfigurieren kann. Wir sind bei unserer Suche auf &#8222;Spiegelando&#8220; gesto\u00dfen &#8211; ein Onlineshop, bei dem man nicht nur Spiegel nach Ma\u00df bestellen kann, sondern auch bei der Konfiguration unterschiedlichste Optionen erg\u00e4nzen kann. Die Auswahl bei Spiegelando ist riesig und entsprechend schwierig war f\u00fcr uns auch die Entscheidung. Letztendlich wurde es dann dieser moderne <span style=\"text-decoration: underline;\"><a href=\"https:\/\/www.spiegelando.de\/shop\/badspiegel-led\/\"><span style=\"color: #000000; text-decoration: underline;\">Badspiegel mit LED-Beleuchtung<\/span><\/a><\/span> \u201eLivera II\u201c.<\/em><\/p>\n<p style=\"text-align: justify;\"><a href=\"http:\/\/petras-testparcour.de\/?attachment_id=8179\" rel=\"attachment wp-att-8179\"><img loading=\"lazy\" class=\"alignnone wp-image-8179\" src=\"http:\/\/petras-testparcour.de\/wp-content\/uploads\/2022\/04\/badspiegel-mit-led-beleuchtung-livera-ii-rundherum-solo.png\" alt=\"\" width=\"594\" height=\"594\" srcset=\"https:\/\/petras-testparcour.de\/wp-content\/uploads\/2022\/04\/badspiegel-mit-led-beleuchtung-livera-ii-rundherum-solo.png 1200w, https:\/\/petras-testparcour.de\/wp-content\/uploads\/2022\/04\/badspiegel-mit-led-beleuchtung-livera-ii-rundherum-solo-300x300.png 300w, https:\/\/petras-testparcour.de\/wp-content\/uploads\/2022\/04\/badspiegel-mit-led-beleuchtung-livera-ii-rundherum-solo-1024x1024.png 1024w, https:\/\/petras-testparcour.de\/wp-content\/uploads\/2022\/04\/badspiegel-mit-led-beleuchtung-livera-ii-rundherum-solo-150x150.png 150w, https:\/\/petras-testparcour.de\/wp-content\/uploads\/2022\/04\/badspiegel-mit-led-beleuchtung-livera-ii-rundherum-solo-768x768.png 768w\" sizes=\"(max-width: 594px) 100vw, 594px\" \/><\/a><em>Optisch f\u00e4llt der Badspiegel \u201eLivera II\u201c insbesondere durch die geometrische Beleuchtung, an den Ecken der Spiegelfl\u00e4che, auf. Durch die klaren Linien wirkt der Spiegel super modern und passt somit prima in unser G\u00e4ste-WC. Die Konfiguration war ein Kinderspiel. Zuerst gibt man die gew\u00fcnschten Ma\u00dfe an und anschlie\u00dfend bekommt man fortlaufend weitere m\u00f6gliche Varianten angezeigt, die man dem Wunsch-Spiegel zuf\u00fcgen kann. Es ist der Hammer was mittlerweile alles m\u00f6glich ist. So kann man bspw. zwischen unterschiedlichen Lichtfarben oder Lichtst\u00e4rken w\u00e4hlen \u2013 oder aber ob der Spiegel eine Verblendung, bzw. Ablagefl\u00e4che haben soll. Absolut \u00fcberrascht war ich jedoch von der Idee einer Spiegelheizung, einem integrierten Schminkspiegel, oder gar Lautsprechern. Das alles ist f\u00fcr ein schickes Badezimmer sicherlich eine geniale Idee, war f\u00fcr unser G\u00e4ste-WC jedoch eher nicht notwendig. Das einzige das wir hinzugef\u00fcgt haben ist eine zus\u00e4tzliche Digitaluhr, bei der man sogar die entsprechende Position bestimmen kann \u2013 genial, oder?<\/em><\/p>\n<p style=\"text-align: justify;\"><a href=\"http:\/\/petras-testparcour.de\/?attachment_id=8184\" rel=\"attachment wp-att-8184\"><img loading=\"lazy\" class=\"alignnone size-full wp-image-8184\" src=\"http:\/\/petras-testparcour.de\/wp-content\/uploads\/2022\/04\/IMG_9406-2.jpg\" alt=\"\" width=\"853\" height=\"742\" srcset=\"https:\/\/petras-testparcour.de\/wp-content\/uploads\/2022\/04\/IMG_9406-2.jpg 853w, https:\/\/petras-testparcour.de\/wp-content\/uploads\/2022\/04\/IMG_9406-2-300x261.jpg 300w, https:\/\/petras-testparcour.de\/wp-content\/uploads\/2022\/04\/IMG_9406-2-768x668.jpg 768w\" sizes=\"(max-width: 853px) 100vw, 853px\" \/><\/a><\/p>\n<p style=\"text-align: justify;\"><em>Die Uhr schaltet sich nicht nur zeitgleich mit dem Licht ein, sondern stellt sich dann auch sofort automatisch. Zwar w\u00e4re es sch\u00f6ner gewesen, wenn die Digitaluhr auch tags\u00fcber leuchtet, aber darauf haben wir bei der Bestellung leider nicht geachtet. Ist aber nicht schlimm, denn auch so ist die Uhr eine tolle Sache, zumal nun nicht ununterbrochen Strom verbraucht wird. &#x1f60a; <\/em><em>Nun ist unser Raum endlich komplett fertig und der h\u00fcbsche Badspiegel, mit LED-Beleuchtung und Digitaluhr, ist sozusagen noch das i-T\u00fcpfelchen. <\/em><\/p>\n<p><a href=\"http:\/\/petras-testparcour.de\/?attachment_id=8181\" rel=\"attachment wp-att-8181\"><img loading=\"lazy\" class=\"alignnone size-full wp-image-8181\" src=\"http:\/\/petras-testparcour.de\/wp-content\/uploads\/2022\/04\/IMG_9407.jpg\" alt=\"\" width=\"1200\" height=\"1600\" srcset=\"https:\/\/petras-testparcour.de\/wp-content\/uploads\/2022\/04\/IMG_9407.jpg 1200w, https:\/\/petras-testparcour.de\/wp-content\/uploads\/2022\/04\/IMG_9407-225x300.jpg 225w, https:\/\/petras-testparcour.de\/wp-content\/uploads\/2022\/04\/IMG_9407-768x1024.jpg 768w, https:\/\/petras-testparcour.de\/wp-content\/uploads\/2022\/04\/IMG_9407-1152x1536.jpg 1152w\" sizes=\"(max-width: 1200px) 100vw, 1200px\" \/><\/a><\/p>\n<p style=\"text-align: justify;\"><em>Wir sind absolut begeistert, zumal nicht nur die Bestellung bei Spiegelando problemlos war, sondern auch die Lieferung innerhalb weniger Tage vor der T\u00fcr stand \u2013 und das sogar kostenfrei. Spiegelando ist auf jeden Fall eine TOP-Adresse. Man findet dort eine tolle Produktvielfalt, in vielen individuellen und vor allem zeitlosen Designs und Auswahlm\u00f6glichkeiten. Auch auf Nachhaltigkeit wird bei Spiegelando geachtet, denn f\u00fcr die Produkte werden zum einen wiederverwendbare und nachhaltige Materialien verwendet \u2013 zum anderen werden sie in Deutschland hergestellt \u2013 also \u201emade in Germany\u201c, wodurch wiederum auf unn\u00f6tige Lieferwege verzichtet wird. Ich finde auch dieser Aspekt sollte heutzutage durchaus im Vordergrund stehen!<\/em><\/p>\n","protected":false},"excerpt":{"rendered":"<p>*Werbung*\u00a0\u00a0 Nach und nach haben wir in den letzten Wochen unser G\u00e4ste-WC renoviert und nat\u00fcrlich auch das ein oder andere des Inventars erneuert \u2013 so wie bspw. auch unseren Badspiegel, der schon einige Jahre auf dem Buckel hatte und noch mit einer kleinen Klemmleuchte beleuchtet wurde &#8211; so wie das fr\u00fcher eben war. &#x1f60a; Aber &hellip; <a href=\"https:\/\/petras-testparcour.de\/?p=8175\" class=\"more-link\"><span class=\"screen-reader-text\">Spiegel von \u201eSpiegelando\u201c\u2026<\/span> weiterlesen <span class=\"meta-nav\">&rarr;<\/span><\/a><\/p>\n","protected":false},"author":1,"featured_media":0,"comment_status":"closed","ping_status":"open","sticky":false,"template":"","format":"standard","meta":[],"categories":[597],"tags":[896,898,897,895],"_links":{"self":[{"href":"https:\/\/petras-testparcour.de\/index.php?rest_route=\/wp\/v2\/posts\/8175"}],"collection":[{"href":"https:\/\/petras-testparcour.de\/index.php?rest_route=\/wp\/v2\/posts"}],"about":[{"href":"https:\/\/petras-testparcour.de\/index.php?rest_route=\/wp\/v2\/types\/post"}],"author":[{"embeddable":true,"href":"https:\/\/petras-testparcour.de\/index.php?rest_route=\/wp\/v2\/users\/1"}],"replies":[{"embeddable":true,"href":"https:\/\/petras-testparcour.de\/index.php?rest_route=%2Fwp%2Fv2%2Fcomments&post=8175"}],"version-history":[{"count":6,"href":"https:\/\/petras-testparcour.de\/index.php?rest_route=\/wp\/v2\/posts\/8175\/revisions"}],"predecessor-version":[{"id":8198,"href":"https:\/\/petras-testparcour.de\/index.php?rest_route=\/wp\/v2\/posts\/8175\/revisions\/8198"}],"wp:attachment":[{"href":"https:\/\/petras-testparcour.de\/index.php?rest_route=%2Fwp%2Fv2%2Fmedia&parent=8175"}],"wp:term":[{"taxonomy":"category","embeddable":true,"href":"https:\/\/petras-testparcour.de\/index.php?rest_route=%2Fwp%2Fv2%2Fcategories&post=8175"},{"taxonomy":"post_tag","embeddable":true,"href":"https:\/\/petras-testparcour.de\/index.php?rest_route=%2Fwp%2Fv2%2Ftags&post=8175"}],"curies":[{"name":"wp","href":"https:\/\/api.w.org\/{rel}","templated":true}]}}