{"id":7408,"date":"2023-01-09T11:46:54","date_gmt":"2023-01-09T09:46:54","guid":{"rendered":"http:\/\/petras-testparcour.de\/?p=7408"},"modified":"2024-06-21T11:16:01","modified_gmt":"2024-06-21T09:16:01","slug":"bosch-waschtrockner-wdu28512","status":"publish","type":"post","link":"https:\/\/petras-testparcour.de\/?p=7408","title":{"rendered":"Bosch Waschtrockner WDU28512"},"content":{"rendered":"<p style=\"text-align: justify;\"><em><strong>*Werbung*<\/strong>\u00a0 \u00a0 \u00a0Schon l\u00e4nger haben wir \u00fcber die Anschaffung einer neuen Waschmaschine, bzw. einem neuen W\u00e4schetrockner nachgedacht, denn unsere Ger\u00e4te haben mittlerweile schon einige Jahre auf dem Buckel und sind richtige Stromfresser. Nun sind wir froh so lange gewartet zu haben, denn in der Zwischenzeit hat sich auf dem Markt so einiges getan. Nachdem unsere Waschmaschine nun endg\u00fcltig Wasser gespuckt hat, haben wir uns f\u00fcr eine platzsparende Alternative entschieden \u2013 und zwar diesen Bosch Waschtrockner \u201eWDU28512\u201c.<\/em><\/p>\n<p style=\"text-align: justify;\"><em><a href=\"http:\/\/petras-testparcour.de\/?attachment_id=7427\" rel=\"attachment wp-att-7427\"><img loading=\"lazy\" class=\"aligncenter size-full wp-image-7427\" src=\"http:\/\/petras-testparcour.de\/wp-content\/uploads\/2021\/01\/Bosch-Waschtrockner-WDU28512.jpg\" alt=\"\" width=\"465\" height=\"537\" srcset=\"https:\/\/petras-testparcour.de\/wp-content\/uploads\/2021\/01\/Bosch-Waschtrockner-WDU28512.jpg 465w, https:\/\/petras-testparcour.de\/wp-content\/uploads\/2021\/01\/Bosch-Waschtrockner-WDU28512-260x300.jpg 260w\" sizes=\"(max-width: 465px) 100vw, 465px\" \/><\/a><\/em><\/p>\n<p style=\"text-align: justify;\"><em>Die Idee zwischen einer Kombination aus Waschmaschine und W\u00e4schetrockner in einem Ger\u00e4t fanden wir genial, zumal es auch eine sehr platzsparende Alternative ist. Das Ger\u00e4t war bei der Anlieferung dick verpackt und eine gut verst\u00e4ndliche, deutsche Anleitung lag auch bei \u2013 was heutzutage ja auch nicht mehr selbstverst\u00e4ndlich ist. Die Installation war v\u00f6llig unkompliziert \u2013 genau wie die anschlie\u00dfende Bedienung insgesamt. Besonders toll finde ich die Einknopf-Bedienung, worauf alle Programme, inkl. Spezialprogramme aufgef\u00fchrt sind.<\/em><\/p>\n<p style=\"text-align: justify;\"><a href=\"http:\/\/petras-testparcour.de\/?attachment_id=7428\" rel=\"attachment wp-att-7428\"><img loading=\"lazy\" class=\"aligncenter size-full wp-image-7428\" src=\"http:\/\/petras-testparcour.de\/wp-content\/uploads\/2021\/01\/Einknopf-Bedienung.jpg\" alt=\"\" width=\"800\" height=\"442\" srcset=\"https:\/\/petras-testparcour.de\/wp-content\/uploads\/2021\/01\/Einknopf-Bedienung.jpg 800w, https:\/\/petras-testparcour.de\/wp-content\/uploads\/2021\/01\/Einknopf-Bedienung-300x166.jpg 300w, https:\/\/petras-testparcour.de\/wp-content\/uploads\/2021\/01\/Einknopf-Bedienung-768x424.jpg 768w\" sizes=\"(max-width: 800px) 100vw, 800px\" \/><\/a><\/p>\n<p style=\"text-align: justify;\"><em>Die Maschine wird durch dr\u00fccken des Knopfes eingeschaltet und durch drehen w\u00e4hlt man das entsprechende Programm aus. Die Vielfalt der unterschiedlichen Programme ist beeindruckend \u2013 von extra trocken, \u00fcber extra leise, bis hin zu speziellen Hygiene- und Sparprogrammen ist alles dabei. Das riesengro\u00dfe Bedienfeld mit Touch-Display zeigt \u00fcbersichtlich die unterschiedlichen M\u00f6glichkeiten der Temperatureinstellungen, Schleuderdrehzahlen und vielerlei Schnickschnack mehr.<\/em><\/p>\n<p style=\"text-align: justify;\"><a href=\"http:\/\/petras-testparcour.de\/?attachment_id=7429\" rel=\"attachment wp-att-7429\"><img loading=\"lazy\" class=\"aligncenter size-full wp-image-7429\" src=\"http:\/\/petras-testparcour.de\/wp-content\/uploads\/2021\/01\/Bedienfeld.jpg\" alt=\"\" width=\"800\" height=\"599\" srcset=\"https:\/\/petras-testparcour.de\/wp-content\/uploads\/2021\/01\/Bedienfeld.jpg 800w, https:\/\/petras-testparcour.de\/wp-content\/uploads\/2021\/01\/Bedienfeld-300x225.jpg 300w, https:\/\/petras-testparcour.de\/wp-content\/uploads\/2021\/01\/Bedienfeld-768x575.jpg 768w\" sizes=\"(max-width: 800px) 100vw, 800px\" \/><\/a><a href=\"http:\/\/petras-testparcour.de\/?attachment_id=7430\" rel=\"attachment wp-att-7430\"><img loading=\"lazy\" class=\"aligncenter size-full wp-image-7430\" src=\"http:\/\/petras-testparcour.de\/wp-content\/uploads\/2021\/01\/Blende.jpg\" alt=\"\" width=\"790\" height=\"316\" srcset=\"https:\/\/petras-testparcour.de\/wp-content\/uploads\/2021\/01\/Blende.jpg 790w, https:\/\/petras-testparcour.de\/wp-content\/uploads\/2021\/01\/Blende-300x120.jpg 300w, https:\/\/petras-testparcour.de\/wp-content\/uploads\/2021\/01\/Blende-768x307.jpg 768w\" sizes=\"(max-width: 790px) 100vw, 790px\" \/><\/a><\/p>\n<p style=\"text-align: justify;\"><em>Zuerst haben wir \u201enur\u201c gewaschen. Direkt positiv aufgefallen ist uns wie super leise das Ger\u00e4t ist \u2013 mal abgesehen davon, dass es zus\u00e4tzlich noch eine spezielle Funktionstaste gibt, mit der man die Ger\u00e4usche nochmals mindern kann. Bei uns ist das nicht n\u00f6tig, da die Maschine eh im Waschraum steht. Hat man die Maschine aber in der Wohnung stehen, wo m\u00f6glicherweise kleine Kinder schlafen, dann ist das sicherlich eine prima Sache. Das Programm l\u00e4uft ruhig und ohne Vibration, dabei steht die Maschine fest auf dem Boden \u2013 auch beim Schleudern. Auf dem Display kann man sehen wie lange die Maschine beim gew\u00e4hlten Programm insgesamt l\u00e4uft. So wei\u00df man genau wann man wieder in den Keller gehen kann. Am Waschergebnis gab es nichts zu meckern \u2013 alles war tipptopp sauber.<\/em><\/p>\n<p style=\"text-align: justify;\"><em>Sp\u00e4ter haben wir dann die erste Maschine mit Wasch- und Trockengang angestellt. Die Trocknungszeit ist von mehreren Faktoren abh\u00e4ngig, so wie bspw. vom Gewicht und Art der W\u00e4sche.\u00a0 Insgesamt ist die Laufzeit bei den Wash &amp; Dry-Programmen relativ lang und dauert \u00fcber mehrere Stunden, weshalb bei Energieeffizienzklasse B die Verbrauchswerte auch entsprechend hoch sind. Da man jedoch bis zu 10 kg W\u00e4sche in einem Waschgang waschen kann, m\u00fcssen wir nun auch deutlich seltener waschen &#8211; deshalb kann man das so oder so sehen. Mal abgesehen vom erh\u00f6hten Verbrauch, der sicherlich verbesserungsw\u00fcrdig ist, ist der Waschtrockner insgesamt ein tolles Ger\u00e4t. Der Timer zeigt einem genau wie lange die Maschine l\u00e4uft. Die W\u00e4sche muss nun nicht mehr von einem Ger\u00e4t ins n\u00e4chste ger\u00e4umt werden, sondern nun geht alles in einem Zug &#8211; waschen, trocknen, anschlie\u00dfend wird sie direkt zusammengelegt und ruck zuck alles wieder im Schrank verstaut. Perfekt!<\/em><\/p>\n<p style=\"text-align: justify;\"><em>Ach ja, der Waschtrockner ist auch toll f\u00fcr all diejenigen, die gerne im Smart-Home-Bereich unterwegs sind \u2013 so wie wir \u2013 denn mit der Home Connect App kann man den Waschtrockner auch \u00fcbers WLAN verbinden und ganz bequem vom Smartphone aus steuern.<\/em><\/p>\n","protected":false},"excerpt":{"rendered":"<p>*Werbung*\u00a0 \u00a0 \u00a0Schon l\u00e4nger haben wir \u00fcber die Anschaffung einer neuen Waschmaschine, bzw. einem neuen W\u00e4schetrockner nachgedacht, denn unsere Ger\u00e4te haben mittlerweile schon einige Jahre auf dem Buckel und sind richtige Stromfresser. Nun sind wir froh so lange gewartet zu haben, denn in der Zwischenzeit hat sich auf dem Markt so einiges getan. Nachdem unsere &hellip; <a href=\"https:\/\/petras-testparcour.de\/?p=7408\" class=\"more-link\"><span class=\"screen-reader-text\">Bosch Waschtrockner WDU28512<\/span> weiterlesen <span class=\"meta-nav\">&rarr;<\/span><\/a><\/p>\n","protected":false},"author":1,"featured_media":0,"comment_status":"closed","ping_status":"open","sticky":false,"template":"","format":"standard","meta":[],"categories":[583,697],"tags":[715,716,717],"_links":{"self":[{"href":"https:\/\/petras-testparcour.de\/index.php?rest_route=\/wp\/v2\/posts\/7408"}],"collection":[{"href":"https:\/\/petras-testparcour.de\/index.php?rest_route=\/wp\/v2\/posts"}],"about":[{"href":"https:\/\/petras-testparcour.de\/index.php?rest_route=\/wp\/v2\/types\/post"}],"author":[{"embeddable":true,"href":"https:\/\/petras-testparcour.de\/index.php?rest_route=\/wp\/v2\/users\/1"}],"replies":[{"embeddable":true,"href":"https:\/\/petras-testparcour.de\/index.php?rest_route=%2Fwp%2Fv2%2Fcomments&post=7408"}],"version-history":[{"count":3,"href":"https:\/\/petras-testparcour.de\/index.php?rest_route=\/wp\/v2\/posts\/7408\/revisions"}],"predecessor-version":[{"id":8867,"href":"https:\/\/petras-testparcour.de\/index.php?rest_route=\/wp\/v2\/posts\/7408\/revisions\/8867"}],"wp:attachment":[{"href":"https:\/\/petras-testparcour.de\/index.php?rest_route=%2Fwp%2Fv2%2Fmedia&parent=7408"}],"wp:term":[{"taxonomy":"category","embeddable":true,"href":"https:\/\/petras-testparcour.de\/index.php?rest_route=%2Fwp%2Fv2%2Fcategories&post=7408"},{"taxonomy":"post_tag","embeddable":true,"href":"https:\/\/petras-testparcour.de\/index.php?rest_route=%2Fwp%2Fv2%2Ftags&post=7408"}],"curies":[{"name":"wp","href":"https:\/\/api.w.org\/{rel}","templated":true}]}}