{"id":9499,"date":"2025-05-26T14:17:49","date_gmt":"2025-05-26T12:17:49","guid":{"rendered":"https:\/\/petras-testparcour.de\/?p=9499"},"modified":"2025-11-24T19:25:32","modified_gmt":"2025-11-24T17:25:32","slug":"genialer-schrankkoffer-von-casyro","status":"publish","type":"post","link":"http:\/\/petras-testparcour.de\/?p=9499","title":{"rendered":"genialer Schrankkoffer von CASYRO\u2026"},"content":{"rendered":"<p style=\"text-align: justify;\"><em><strong>*Werbung*<\/strong>\u00a0\u00a0 F\u00fcr unseren bevorstehenden Sommerurlaub haben wir uns k\u00fcrzlich online nach einem neuen Koffer umgeschaut und sind dabei durch Zufall auf den \u201eInveno-Shop\u201c gesto\u00dfen &#8211; ein Team, das innovative Produkte f\u00fcr den Alltag herstellt, die einem das Handling durchaus einfacher machen. Auch zum Thema Reisen hat man sich durchaus Gedanken gemacht.<\/em><\/p>\n<p style=\"text-align: justify;\"><em>Jeder von euch kennt das sicherlich, wenn man in den Urlaub f\u00e4hrt und im Koffer das reinste Chaos herrscht. Bei einem l\u00e4ngeren Urlaub packt man in der Regel den Koffer aus und r\u00e4umt die Sachen in den Schrank. Ich jedoch fahre hin und wieder auch gerne mal f\u00fcr ein Wochenende weg, oder f\u00fcr ein paar Tage auf ein Seminar, da lohnt es sich kaum den Koffer auszupacken. Aber auch bei unserer letzten Rundreise in den USA bin ich diesbez\u00fcglich fast verzweifelt, denn wenn man jede Nacht in einem anderen Hotel schl\u00e4ft, gestaltet sich das Leben aus dem Koffer extrem schwierig. Schade, dass ich zu diesem Zeitpunkt noch nichts vom Inveno-Shop geh\u00f6rt hatte, denn dort wurde ein Koffer entwickelt, der quasi genauso nutzbar ist wie ein Kleiderschrank \u2013 und zwar dieser <span style=\"text-decoration: underline;\"><a href=\"https:\/\/inveno-shop.de\/products\/casyro-stand-up-koffer-4-0-l-rose-gold?_gl=1*pveiu7*_up*MQ..*_ga*MTgwNTM0NTkxMS4xNzY0MDA1MDI2*_ga_BX3PBYCQ13*czE3NjQwMDUwMjUkbzEkZzEkdDE3NjQwMDUwNjckajE4JGwwJGgw&amp;gclid=CjwKCAjwq7fABhB2EiwAwk-YbCNUxBqin5BlGpof_4E6mh3F_IrFtxEihydYlKd4szzGh30yej_2lRoCoTcQAvD_BwE&amp;gbraid=0AAAAA-FZzINR_Tsos5nYJz34XgJpi3mCV\">Casyro Stand-Up Koffer<\/a><\/span> \u2013 der auch als sogenannter Schrankkoffer bezeichnet wird.<\/em><\/p>\n<p style=\"text-align: justify;\"><a href=\"https:\/\/petras-testparcour.de\/?attachment_id=9500\" rel=\"attachment wp-att-9500\"><img loading=\"lazy\" class=\"alignnone wp-image-9500\" src=\"http:\/\/petras-testparcour.de\/wp-content\/uploads\/2025\/05\/Casyro-Koffer.jpg\" alt=\"\" width=\"317\" height=\"577\" srcset=\"http:\/\/petras-testparcour.de\/wp-content\/uploads\/2025\/05\/Casyro-Koffer.jpg 440w, http:\/\/petras-testparcour.de\/wp-content\/uploads\/2025\/05\/Casyro-Koffer-165x300.jpg 165w\" sizes=\"(max-width: 317px) 100vw, 317px\" \/><\/a>\u00a0 \u00a0 \u00a0 \u00a0 \u00a0 \u00a0 <a href=\"https:\/\/petras-testparcour.de\/?attachment_id=9501\" rel=\"attachment wp-att-9501\"><img loading=\"lazy\" class=\"alignnone wp-image-9501\" src=\"http:\/\/petras-testparcour.de\/wp-content\/uploads\/2025\/05\/Stand-up-Koffer.jpg\" alt=\"\" width=\"247\" height=\"580\" srcset=\"http:\/\/petras-testparcour.de\/wp-content\/uploads\/2025\/05\/Stand-up-Koffer.jpg 341w, http:\/\/petras-testparcour.de\/wp-content\/uploads\/2025\/05\/Stand-up-Koffer-128x300.jpg 128w\" sizes=\"(max-width: 247px) 100vw, 247px\" \/><\/a><\/p>\n<p style=\"text-align: justify;\"><em>Leute, ich sag euch, dieser Koffer ist der Hammer. Das System ist derart durchdacht, dass ich mich frage, warum nicht mal eher jemand auf diese geniale Idee gekommen ist. <\/em><\/p>\n<p style=\"text-align: justify;\"><em>Um den Koffer zu packen, wird er zun\u00e4chst an eine Wand geschoben. Dank der 4 leicht laufenden 360\u00b0 R\u00e4der, die im \u00dcbrigen f\u00fcr verschiedenste Stra\u00dfenbel\u00e4ge geeignet sind, l\u00e4sst sich der Koffer super einfach schieben. An den vorderen R\u00e4dern befinden sich zus\u00e4tzliche Bremsen, damit er nicht wegrollen kann.<\/em><\/p>\n<p style=\"text-align: justify;\"><a href=\"https:\/\/petras-testparcour.de\/?attachment_id=9503\" rel=\"attachment wp-att-9503\"><img loading=\"lazy\" class=\"alignnone wp-image-9503\" src=\"http:\/\/petras-testparcour.de\/wp-content\/uploads\/2025\/05\/Rollen.jpg\" alt=\"\" width=\"230\" height=\"259\" srcset=\"http:\/\/petras-testparcour.de\/wp-content\/uploads\/2025\/05\/Rollen.jpg 711w, http:\/\/petras-testparcour.de\/wp-content\/uploads\/2025\/05\/Rollen-267x300.jpg 267w\" sizes=\"(max-width: 230px) 100vw, 230px\" \/>\u00a0 \u00a0 \u00a0 \u00a0 \u00a0 \u00a0 \u00a0<\/a><a href=\"https:\/\/petras-testparcour.de\/?attachment_id=9504\" rel=\"attachment wp-att-9504\"><img loading=\"lazy\" class=\"alignnone wp-image-9504\" src=\"http:\/\/petras-testparcour.de\/wp-content\/uploads\/2025\/05\/IMG_7922.jpg\" alt=\"\" width=\"331\" height=\"259\" srcset=\"http:\/\/petras-testparcour.de\/wp-content\/uploads\/2025\/05\/IMG_7922.jpg 800w, http:\/\/petras-testparcour.de\/wp-content\/uploads\/2025\/05\/IMG_7922-300x234.jpg 300w, http:\/\/petras-testparcour.de\/wp-content\/uploads\/2025\/05\/IMG_7922-768x599.jpg 768w\" sizes=\"(max-width: 331px) 100vw, 331px\" \/><\/a><\/p>\n<p style=\"text-align: justify;\"><em>Hat man den Koffer entsprechend positioniert, zieht man die Teleskopstange zun\u00e4chst ganz heraus. Anschlie\u00dfend klappt man den vorderen Deckel nach oben und mit dem daf\u00fcr vorgesehenen Gummiband wird dieser an der Teleskopstange befestigt.<\/em><\/p>\n<p style=\"text-align: justify;\"><a href=\"https:\/\/petras-testparcour.de\/?attachment_id=9505\" rel=\"attachment wp-att-9505\"><img loading=\"lazy\" class=\"alignnone wp-image-9505\" src=\"http:\/\/petras-testparcour.de\/wp-content\/uploads\/2025\/05\/Koffer-aufgeklappt-scaled.jpg\" alt=\"\" width=\"124\" height=\"483\" srcset=\"http:\/\/petras-testparcour.de\/wp-content\/uploads\/2025\/05\/Koffer-aufgeklappt-scaled.jpg 658w, http:\/\/petras-testparcour.de\/wp-content\/uploads\/2025\/05\/Koffer-aufgeklappt-77x300.jpg 77w, http:\/\/petras-testparcour.de\/wp-content\/uploads\/2025\/05\/Koffer-aufgeklappt-263x1024.jpg 263w, http:\/\/petras-testparcour.de\/wp-content\/uploads\/2025\/05\/Koffer-aufgeklappt-395x1536.jpg 395w, http:\/\/petras-testparcour.de\/wp-content\/uploads\/2025\/05\/Koffer-aufgeklappt-527x2048.jpg 527w\" sizes=\"(max-width: 124px) 100vw, 124px\" \/><\/a>\u00a0 \u00a0 \u00a0 \u00a0 \u00a0<a href=\"https:\/\/petras-testparcour.de\/?attachment_id=9506\" rel=\"attachment wp-att-9506\"><img loading=\"lazy\" class=\"alignnone wp-image-9506\" src=\"http:\/\/petras-testparcour.de\/wp-content\/uploads\/2025\/05\/IMG_7672.jpg\" alt=\"\" width=\"224\" height=\"478\" srcset=\"http:\/\/petras-testparcour.de\/wp-content\/uploads\/2025\/05\/IMG_7672.jpg 375w, http:\/\/petras-testparcour.de\/wp-content\/uploads\/2025\/05\/IMG_7672-141x300.jpg 141w\" sizes=\"(max-width: 224px) 100vw, 224px\" \/>\u00a0 \u00a0 \u00a0 \u00a0 \u00a0 \u00a0<\/a><a href=\"https:\/\/petras-testparcour.de\/?attachment_id=9507\" rel=\"attachment wp-att-9507\"><img loading=\"lazy\" class=\"alignnone wp-image-9507\" src=\"http:\/\/petras-testparcour.de\/wp-content\/uploads\/2025\/05\/IMG_7677.jpg\" alt=\"\" width=\"191\" height=\"476\" srcset=\"http:\/\/petras-testparcour.de\/wp-content\/uploads\/2025\/05\/IMG_7677.jpg 321w, http:\/\/petras-testparcour.de\/wp-content\/uploads\/2025\/05\/IMG_7677-120x300.jpg 120w\" sizes=\"(max-width: 191px) 100vw, 191px\" \/><\/a><\/p>\n<p style=\"text-align: justify;\"><em>Nun sieht man wie das Innenleben des Koffers aufgebaut ist. Im unteren Bereich befinden sich mehrere Ablagef\u00e4cher, in denen man die Sachen \u2013 genau wie im Kleiderschrank \u2013 \u00fcbereinander einsortieren kann \u2013 einfach nur gro\u00dfartig. Das untere Fach ist mit einer elastischen Netzwand versehen, die man anhand der Druckkn\u00f6pfe bequem \u00f6ffnen kann. Hier lassen sich prima bspw. Schuhe, oder andere gr\u00f6\u00dfere Dinge, deponieren, die durch das Netz nochmal gesch\u00fctzt werden. Um den kompletten Inhalt des unteren Koffers zus\u00e4tzlich zu stabilisieren wird zum Schluss alles mit den dar\u00fcberliegenden Gurten zusammengehalten.<\/em><\/p>\n<p><a href=\"https:\/\/petras-testparcour.de\/?attachment_id=9509\" rel=\"attachment wp-att-9509\">\u00a0 \u00a0 \u00a0<img loading=\"lazy\" class=\"alignnone wp-image-9509\" src=\"http:\/\/petras-testparcour.de\/wp-content\/uploads\/2025\/05\/IMG_7678.jpg\" alt=\"\" width=\"255\" height=\"333\" srcset=\"http:\/\/petras-testparcour.de\/wp-content\/uploads\/2025\/05\/IMG_7678.jpg 612w, http:\/\/petras-testparcour.de\/wp-content\/uploads\/2025\/05\/IMG_7678-230x300.jpg 230w\" sizes=\"(max-width: 255px) 100vw, 255px\" \/><\/a>\u00a0 \u00a0 \u00a0 \u00a0 \u00a0 <a href=\"https:\/\/petras-testparcour.de\/?attachment_id=9510\" rel=\"attachment wp-att-9510\"><img loading=\"lazy\" class=\"alignnone wp-image-9510\" src=\"http:\/\/petras-testparcour.de\/wp-content\/uploads\/2025\/05\/unterer-Bereich.jpg\" alt=\"\" width=\"290\" height=\"336\" srcset=\"http:\/\/petras-testparcour.de\/wp-content\/uploads\/2025\/05\/unterer-Bereich.jpg 689w, http:\/\/petras-testparcour.de\/wp-content\/uploads\/2025\/05\/unterer-Bereich-258x300.jpg 258w\" sizes=\"(max-width: 290px) 100vw, 290px\" \/><\/a><\/p>\n<p style=\"text-align: justify;\"><em>Im oberen Bereich findet man eine Vielzahl unterschiedlicher Taschen. Zum einen ganz oben eine gro\u00dfe Tasche mit Rei\u00dfverschluss. \u00d6ffnet man diese Tasche, lassen sich dahinter in weiteren Unterteilungen und sogar einer zus\u00e4tzlichen kleinen Rei\u00dfverschlusstasche perfekt Reisedokumente, Spiele, B\u00fccher, oder \u00e4hnliches verstauen. Das ist perfekt f\u00fcr uns, denn B\u00fccher und Spiele wir immer mit im Gep\u00e4ck. <\/em><em>Weiter unten ist eine weitere gro\u00dfe und sogar gepolsterte Tasche mit Rei\u00dfverschluss, in der man bspw. ideal einen Laptop oder ein Tablet verstauen kann.<\/em><\/p>\n<p style=\"text-align: justify;\"><a href=\"https:\/\/petras-testparcour.de\/?attachment_id=9513\" rel=\"attachment wp-att-9513\">\u00a0 \u00a0 \u00a0<img loading=\"lazy\" class=\"alignnone wp-image-9513\" src=\"http:\/\/petras-testparcour.de\/wp-content\/uploads\/2025\/05\/Laptop-Tasche.jpg\" alt=\"\" width=\"272\" height=\"204\" srcset=\"http:\/\/petras-testparcour.de\/wp-content\/uploads\/2025\/05\/Laptop-Tasche.jpg 800w, http:\/\/petras-testparcour.de\/wp-content\/uploads\/2025\/05\/Laptop-Tasche-300x225.jpg 300w, http:\/\/petras-testparcour.de\/wp-content\/uploads\/2025\/05\/Laptop-Tasche-768x576.jpg 768w\" sizes=\"(max-width: 272px) 100vw, 272px\" \/>\u00a0 \u00a0 \u00a0 \u00a0<\/a><a href=\"https:\/\/petras-testparcour.de\/?attachment_id=9514\" rel=\"attachment wp-att-9514\"><img loading=\"lazy\" class=\"alignnone wp-image-9514\" src=\"http:\/\/petras-testparcour.de\/wp-content\/uploads\/2025\/05\/Tasche-oben.jpg\" alt=\"\" width=\"274\" height=\"205\" srcset=\"http:\/\/petras-testparcour.de\/wp-content\/uploads\/2025\/05\/Tasche-oben.jpg 800w, http:\/\/petras-testparcour.de\/wp-content\/uploads\/2025\/05\/Tasche-oben-300x225.jpg 300w, http:\/\/petras-testparcour.de\/wp-content\/uploads\/2025\/05\/Tasche-oben-768x576.jpg 768w\" sizes=\"(max-width: 274px) 100vw, 274px\" \/><\/a><\/p>\n<p style=\"text-align: justify;\"><em>In die anderen kleineren Netzf\u00e4cher lassen sich viele unterschiedliche Utensilien wie Kosmetik, Ladekabel, Medikamente und vielerlei mehr ordentlich verstauen, so dass man all das beim \u00d6ffnen des Koffers schnell sehen kann und direkt griffbereit hat. Hier w\u00fcrde man sich allerdings w\u00fcnschen, dass an den Netzf\u00e4chern bspw. noch Druckkn\u00f6pfe, oder eben zus\u00e4tzliche Rei\u00dfverschl\u00fcsse, angebracht w\u00e4ren, damit der Inhalt beim Schlie\u00dfen des Deckels nicht wieder herausfallen kann.<\/em><\/p>\n<p style=\"text-align: justify;\"><a href=\"https:\/\/petras-testparcour.de\/?attachment_id=9511\" rel=\"attachment wp-att-9511\">\u00a0 \u00a0<img loading=\"lazy\" class=\"alignnone wp-image-9511\" src=\"http:\/\/petras-testparcour.de\/wp-content\/uploads\/2025\/05\/IMG_7679.jpg\" alt=\"\" width=\"271\" height=\"368\" srcset=\"http:\/\/petras-testparcour.de\/wp-content\/uploads\/2025\/05\/IMG_7679.jpg 589w, http:\/\/petras-testparcour.de\/wp-content\/uploads\/2025\/05\/IMG_7679-221x300.jpg 221w\" sizes=\"(max-width: 271px) 100vw, 271px\" \/>\u00a0\u00a0\u00a0\u00a0\u00a0\u00a0\u00a0 <\/a><a href=\"https:\/\/petras-testparcour.de\/?attachment_id=9512\" rel=\"attachment wp-att-9512\"><img loading=\"lazy\" class=\"alignnone wp-image-9512\" src=\"http:\/\/petras-testparcour.de\/wp-content\/uploads\/2025\/05\/oberer-Bereich.jpg\" alt=\"\" width=\"289\" height=\"368\" srcset=\"http:\/\/petras-testparcour.de\/wp-content\/uploads\/2025\/05\/oberer-Bereich.jpg 627w, http:\/\/petras-testparcour.de\/wp-content\/uploads\/2025\/05\/oberer-Bereich-235x300.jpg 235w\" sizes=\"(max-width: 289px) 100vw, 289px\" \/><\/a><\/p>\n<p style=\"text-align: justify;\"><em>Hat alles seinen Platz gefunden, klappt man den Deckel runter und verschlie\u00dft den Koffer. Unbedingt erw\u00e4hnen m\u00f6chte ich auch noch, dass in diesem Stand Up Koffer ein \u201eTravel Sentry\u201c zertifiziertes Gep\u00e4ckschloss integriert wurde. Dieses Schloss kann nur mit einem Universalschl\u00fcssel von Sicherheitsbeh\u00f6rden ge\u00f6ffnet und auch wieder verschlossen werden. Dies sorgt f\u00fcr zus\u00e4tzliche Sicherheit.<\/em><\/p>\n<p style=\"text-align: justify;\"><a href=\"https:\/\/petras-testparcour.de\/?attachment_id=9515\" rel=\"attachment wp-att-9515\"><img loading=\"lazy\" class=\"wp-image-9515 aligncenter\" src=\"http:\/\/petras-testparcour.de\/wp-content\/uploads\/2025\/05\/Schloss-rotated.jpg\" alt=\"\" width=\"476\" height=\"357\" srcset=\"http:\/\/petras-testparcour.de\/wp-content\/uploads\/2025\/05\/Schloss-rotated.jpg 800w, http:\/\/petras-testparcour.de\/wp-content\/uploads\/2025\/05\/Schloss-300x225.jpg 300w, http:\/\/petras-testparcour.de\/wp-content\/uploads\/2025\/05\/Schloss-768x576.jpg 768w\" sizes=\"(max-width: 476px) 100vw, 476px\" \/><\/a><\/p>\n<p style=\"text-align: justify;\"><em>Ganz im Ernst Leute, dieser Koffer ist super praktisch, egal ob f\u00fcr Gesch\u00e4ftsreisen, Kurztrips, oder eben auch f\u00fcr eine gr\u00f6\u00dfere Rundreise. Ist man am Ziel angekommen, klappt man den Koffer auf und kann die Sachen wie aus einem Kleiderschrank entnehmen. Ich bin absolut begeistert \u2013 aber nicht nur von der gro\u00dfartigen Idee, sondern auch von der herausragenden Verarbeitung. Entwickelt wurde der Stand-Up Koffer von CASYRO \u00fcbrigens in der Schweiz und auch das System hat man sich dort patentieren lassen. Richtig so, eine einzigartige Idee sollte auch einzigartig bleiben &#8211; finde ich. <\/em><\/p>\n<p style=\"text-align: justify;\"><em>Es gibt diesen Schrankkoffer in drei unterschiedlichen Gr\u00f6\u00dfen und in zwei Farben \u2013 in schwarz und Rose Gold. Da ich es gerne farbenfroh mag, habe ich mich f\u00fcr letzteres entschieden. Zwar finde ich das der Farbton eher in einen Kupferton \u00fcbergeht, aber dennoch sieht sie sehr sch\u00f6n aus. Bei der Farbauswahl k\u00f6nnte man meines Erachtens vielleicht noch ein paar fr\u00f6hliche Farben ins Spiel bringen, oder au\u00dfergew\u00f6hnliche Muster, denn es gibt nichts schlimmeres als am Kofferband zu stehen und von all den schwarzen Koffern den Eigenen herauszupicken. Da ist es immer besser, wenn man ein einzigartiges Design, oder zumindest eine auff\u00e4llige Farbe hat, die direkt ins Auge f\u00e4llt. Aber alles in allem ein TOP Reisegep\u00e4ck, mit vielen n\u00fctzlichen Details.<\/em><\/p>\n","protected":false},"excerpt":{"rendered":"<p>*Werbung*\u00a0\u00a0 F\u00fcr unseren bevorstehenden Sommerurlaub haben wir uns k\u00fcrzlich online nach einem neuen Koffer umgeschaut und sind dabei durch Zufall auf den \u201eInveno-Shop\u201c gesto\u00dfen &#8211; ein Team, das innovative Produkte f\u00fcr den Alltag herstellt, die einem das Handling durchaus einfacher machen. Auch zum Thema Reisen hat man sich durchaus Gedanken gemacht. Jeder von euch kennt &hellip; <a href=\"http:\/\/petras-testparcour.de\/?p=9499\" class=\"more-link\"><span class=\"screen-reader-text\">genialer Schrankkoffer von CASYRO\u2026<\/span> weiterlesen <span class=\"meta-nav\">&rarr;<\/span><\/a><\/p>\n","protected":false},"author":1,"featured_media":0,"comment_status":"closed","ping_status":"open","sticky":false,"template":"","format":"standard","meta":[],"categories":[1039],"tags":[1078,1080,1041,1079],"_links":{"self":[{"href":"http:\/\/petras-testparcour.de\/index.php?rest_route=\/wp\/v2\/posts\/9499"}],"collection":[{"href":"http:\/\/petras-testparcour.de\/index.php?rest_route=\/wp\/v2\/posts"}],"about":[{"href":"http:\/\/petras-testparcour.de\/index.php?rest_route=\/wp\/v2\/types\/post"}],"author":[{"embeddable":true,"href":"http:\/\/petras-testparcour.de\/index.php?rest_route=\/wp\/v2\/users\/1"}],"replies":[{"embeddable":true,"href":"http:\/\/petras-testparcour.de\/index.php?rest_route=%2Fwp%2Fv2%2Fcomments&post=9499"}],"version-history":[{"count":5,"href":"http:\/\/petras-testparcour.de\/index.php?rest_route=\/wp\/v2\/posts\/9499\/revisions"}],"predecessor-version":[{"id":9659,"href":"http:\/\/petras-testparcour.de\/index.php?rest_route=\/wp\/v2\/posts\/9499\/revisions\/9659"}],"wp:attachment":[{"href":"http:\/\/petras-testparcour.de\/index.php?rest_route=%2Fwp%2Fv2%2Fmedia&parent=9499"}],"wp:term":[{"taxonomy":"category","embeddable":true,"href":"http:\/\/petras-testparcour.de\/index.php?rest_route=%2Fwp%2Fv2%2Fcategories&post=9499"},{"taxonomy":"post_tag","embeddable":true,"href":"http:\/\/petras-testparcour.de\/index.php?rest_route=%2Fwp%2Fv2%2Ftags&post=9499"}],"curies":[{"name":"wp","href":"https:\/\/api.w.org\/{rel}","templated":true}]}}