{"id":5149,"date":"2024-05-18T20:28:10","date_gmt":"2024-05-18T18:28:10","guid":{"rendered":"http:\/\/petras-testparcour.de\/?p=5149"},"modified":"2026-04-09T19:14:03","modified_gmt":"2026-04-09T17:14:03","slug":"terrassendielen-douglasie","status":"publish","type":"post","link":"http:\/\/petras-testparcour.de\/?p=5149","title":{"rendered":"Terrassendielen Douglasie\u2026"},"content":{"rendered":"<p style=\"text-align: justify;\"><em><strong>*Werbung* \u00a0\u00a0<\/strong>Das Fr\u00fchjahr ist nun endlich da und die ersten Sonnenstrahlen lassen sich\u00a0so langsam blicken &#8211; nat\u00fcrlich m\u00f6chte man\u00a0nun auch m\u00f6glichst jede freie Minute drau\u00dfen verbringen. Nachdem wir im letzten Jahr erst den Sichtschutz bei uns erneuert haben, wollten wir in diesem Fr\u00fchjahr unsere Terrasse neu gestalten \u2013 und zwar mit Terrassendielen aus Holz. Zum einen weil Holz unglaubliche Gem\u00fctlichkeit ausstrahlt \u2013 und zum anderen, weil das momentan dort vorhandene Pflaster von einer unsch\u00f6nen Flechte befallen ist. <\/em><\/p>\n<p style=\"text-align: justify;\"><a href=\"http:\/\/petras-testparcour.de\/?attachment_id=5151\" rel=\"attachment wp-att-5151\"><img loading=\"lazy\" class=\"alignnone size-full wp-image-5151\" src=\"http:\/\/petras-testparcour.de\/wp-content\/uploads\/2018\/04\/Terrasse-Pflaster.jpg\" alt=\"\" width=\"800\" height=\"414\" srcset=\"http:\/\/petras-testparcour.de\/wp-content\/uploads\/2018\/04\/Terrasse-Pflaster.jpg 800w, http:\/\/petras-testparcour.de\/wp-content\/uploads\/2018\/04\/Terrasse-Pflaster-300x155.jpg 300w, http:\/\/petras-testparcour.de\/wp-content\/uploads\/2018\/04\/Terrasse-Pflaster-768x397.jpg 768w\" sizes=\"(max-width: 800px) 100vw, 800px\" \/><\/a><\/p>\n<p style=\"text-align: justify;\"><em>Zuerst haben wir uns im Internet ein wenig informiert was es \u00fcberhaupt f\u00fcr M\u00f6glichkeiten gibt. Auch WPC-Terrassendielen\u00a0w\u00e4ren eine Alternative gewesen\u00a0\u2013 wobei wir uns aber letztendlich doch f\u00fcr Holz entschieden haben, da dieses Material eine ganz besondere Atmosph\u00e4re schafft. Im <a href=\"http:\/\/www.holz-wohnen-garten.de\/\">Holz-Wohnen-Garten<\/a>-Onlineshop haben wir diese wundersch\u00f6nen <a href=\"http:\/\/www.holz-wohnen-garten.de\/terrassenbelag\/douglasie-terrassendielen\/douglasie-ab\/112\/douglasie-terrassendielen-a\/b-sortierung\">Douglasie-Terrassendielen<\/a> entdeckt.<\/em><\/p>\n<p style=\"text-align: justify;\"><a href=\"http:\/\/petras-testparcour.de\/?attachment_id=5161\" rel=\"attachment wp-att-5161\"><img loading=\"lazy\" class=\"alignnone size-full wp-image-5161\" src=\"http:\/\/petras-testparcour.de\/wp-content\/uploads\/2018\/04\/Douglasie-Holzdielen-1.jpg\" alt=\"\" width=\"800\" height=\"451\" srcset=\"http:\/\/petras-testparcour.de\/wp-content\/uploads\/2018\/04\/Douglasie-Holzdielen-1.jpg 800w, http:\/\/petras-testparcour.de\/wp-content\/uploads\/2018\/04\/Douglasie-Holzdielen-1-300x169.jpg 300w, http:\/\/petras-testparcour.de\/wp-content\/uploads\/2018\/04\/Douglasie-Holzdielen-1-768x433.jpg 768w\" sizes=\"(max-width: 800px) 100vw, 800px\" \/><\/a><\/p>\n<p style=\"text-align: justify;\"><em>Bei Douglasie handelt es sich um ein hartes Nadelholz, das sogar als Bauholz f\u00fcr tragende Konstruktionen zugelassen ist. Gerade wegen der sehr hohen Stabilit\u00e4t sowie Strapazierf\u00e4higkeit ist es auch f\u00fcr den Outdoor-Bereich geeignet. Als erstes musste jedoch erstmal eine entsprechende Unterkonstruktion geschaffen werden &#8211; und dann konnte das Projekt \u201eneue Terrasse\u201c beginnen. \ud83d\ude42<\/em><\/p>\n<p style=\"text-align: justify;\"><a href=\"http:\/\/petras-testparcour.de\/?attachment_id=5153\" rel=\"attachment wp-att-5153\"><img loading=\"lazy\" class=\"alignnone size-full wp-image-5153\" src=\"http:\/\/petras-testparcour.de\/wp-content\/uploads\/2018\/04\/Unterkonstruktion.jpg\" alt=\"\" width=\"800\" height=\"515\" srcset=\"http:\/\/petras-testparcour.de\/wp-content\/uploads\/2018\/04\/Unterkonstruktion.jpg 800w, http:\/\/petras-testparcour.de\/wp-content\/uploads\/2018\/04\/Unterkonstruktion-300x193.jpg 300w, http:\/\/petras-testparcour.de\/wp-content\/uploads\/2018\/04\/Unterkonstruktion-768x494.jpg 768w\" sizes=\"(max-width: 800px) 100vw, 800px\" \/><\/a><\/p>\n<p style=\"text-align: justify;\"><em>Bei der Auswahl der Dielen konnte man nicht nur verschiedene L\u00e4ngen w\u00e4hlen, sondern sich auch zwischen unterschiedlichen Sortierungen entscheiden, welche sich nicht nur optisch unterscheiden, sondern durchaus auch in der Preiskategorie. Wir haben A\/B-Ware gew\u00e4hlt \u2013 dies bedeutet, dass die Dielen beispielsweise Astl\u00f6cher oder dunkle Stellen vom Rindeneinwuchs aufweisen k\u00f6nnen \u2013 was letztendlich das Gesamtbild sogar noch gem\u00fctlicher und rustikaler wirken l\u00e4sst. Es sind jedoch weder verkratzte noch defekte Bretter dabei.\u00a0<\/em><em>Eine Seite der Dielen ist grob genutet, die andere fein geriffelt. Wie rum man diese auslegt ist letztendlich Geschmackssache &#8211; wobei man vielleicht bedenken sollte, dass die feinere Seite weniger rutschig ist, was sicherlich auch nicht ganz unwichtig ist.<\/em><\/p>\n<p style=\"text-align: justify;\"><a href=\"http:\/\/petras-testparcour.de\/?attachment_id=5168\" rel=\"attachment wp-att-5168\"><img loading=\"lazy\" class=\"alignnone size-full wp-image-5168\" src=\"http:\/\/petras-testparcour.de\/wp-content\/uploads\/2018\/04\/grobe-und-feine-Seite.jpg\" alt=\"\" width=\"800\" height=\"371\" srcset=\"http:\/\/petras-testparcour.de\/wp-content\/uploads\/2018\/04\/grobe-und-feine-Seite.jpg 800w, http:\/\/petras-testparcour.de\/wp-content\/uploads\/2018\/04\/grobe-und-feine-Seite-300x139.jpg 300w, http:\/\/petras-testparcour.de\/wp-content\/uploads\/2018\/04\/grobe-und-feine-Seite-768x356.jpg 768w\" sizes=\"(max-width: 800px) 100vw, 800px\" \/><\/a><\/p>\n<p style=\"text-align: justify;\"><em>Grunds\u00e4tzlich ist der nat\u00fcrliche Holzton der Douglasie in den Farben rot, rosa und braun wirklich sch\u00f6n anzusehen \u2013 besonders in Kombination mit der dekorativen Maserung. Wie bei den meisten Holzarten werden auch hier die naturbelassenen Bretter bedingt durch die Witterungsverh\u00e4ltnisse nach geraumer Zeit grau. Weil das nicht unbedingt sch\u00f6n aussieht, haben wir uns entschieden die Dielen vorab mit einem speziellen <a href=\"https:\/\/www.holz-wohnen-garten.de\/holzschutz\/pflege-oel\/157\/holzpflegeoel-fuer-harthoelzer-bangkirai\">Holzpflege\u00f6l<\/a> im Farbton Bangkirai zu behandeln, welches man ebenfalls bei Holz-Wohnen-Garten als Zubeh\u00f6r bekommt.<\/em><\/p>\n<p style=\"text-align: justify;\"><a href=\"http:\/\/petras-testparcour.de\/?attachment_id=5156\" rel=\"attachment wp-att-5156\"><img loading=\"lazy\" class=\" wp-image-5156 aligncenter\" src=\"http:\/\/petras-testparcour.de\/wp-content\/uploads\/2018\/04\/IMG_4512.jpg\" alt=\"\" width=\"237\" height=\"351\" srcset=\"http:\/\/petras-testparcour.de\/wp-content\/uploads\/2018\/04\/IMG_4512.jpg 552w, http:\/\/petras-testparcour.de\/wp-content\/uploads\/2018\/04\/IMG_4512-203x300.jpg 203w\" sizes=\"(max-width: 237px) 100vw, 237px\" \/><\/a><\/p>\n<p style=\"text-align: justify;\"><em>Pflegeprodukte wirken wasser- und schmutzabweisend und bieten eine hohe Langlebigkeit. Das Holz wird gegen Vergrauung gesch\u00fctzt und beh\u00e4lt dennoch den nat\u00fcrlichen Charakter.<\/em><\/p>\n<p style=\"text-align: justify;\"><a href=\"http:\/\/petras-testparcour.de\/?attachment_id=5157\" rel=\"attachment wp-att-5157\"><img loading=\"lazy\" class=\"alignnone size-full wp-image-5157\" src=\"http:\/\/petras-testparcour.de\/wp-content\/uploads\/2018\/04\/A-B-Ware-1.jpg\" alt=\"\" width=\"600\" height=\"638\" srcset=\"http:\/\/petras-testparcour.de\/wp-content\/uploads\/2018\/04\/A-B-Ware-1.jpg 600w, http:\/\/petras-testparcour.de\/wp-content\/uploads\/2018\/04\/A-B-Ware-1-282x300.jpg 282w\" sizes=\"(max-width: 600px) 100vw, 600px\" \/><\/a><\/p>\n<p style=\"text-align: justify;\"><em>Und dann konnte es endlich losgehen! Die Optik spielt f\u00fcr uns eine gro\u00dfe Rolle, denn schlie\u00dflich will man sich ja auch auf Dauer richtig wohlf\u00fchlen. Deshalb wollten wir nicht einfach die Dielen gerade verlegen, sondern haben uns \u00fcberlegt\u00a0zus\u00e4tzlich ein kleines Muster einzubringen. Daf\u00fcr wurden in regelm\u00e4\u00dfigen Abst\u00e4nden mehrere H\u00f6lzer quer zur Maserung besfestigt, die das Bild deutlich auflockern.<\/em><\/p>\n<p style=\"text-align: justify;\"><a href=\"http:\/\/petras-testparcour.de\/?attachment_id=5159\" rel=\"attachment wp-att-5159\"><img loading=\"lazy\" class=\"alignnone size-full wp-image-5159\" src=\"http:\/\/petras-testparcour.de\/wp-content\/uploads\/2018\/04\/Stufe-1.jpg\" alt=\"\" width=\"800\" height=\"480\" srcset=\"http:\/\/petras-testparcour.de\/wp-content\/uploads\/2018\/04\/Stufe-1.jpg 800w, http:\/\/petras-testparcour.de\/wp-content\/uploads\/2018\/04\/Stufe-1-300x180.jpg 300w, http:\/\/petras-testparcour.de\/wp-content\/uploads\/2018\/04\/Stufe-1-768x461.jpg 768w\" sizes=\"(max-width: 800px) 100vw, 800px\" \/><\/a><\/p>\n<p style=\"text-align: justify;\"><a href=\"http:\/\/petras-testparcour.de\/?attachment_id=5160\" rel=\"attachment wp-att-5160\"><img loading=\"lazy\" class=\"alignnone size-full wp-image-5160\" src=\"http:\/\/petras-testparcour.de\/wp-content\/uploads\/2018\/04\/Stufe-2.jpg\" alt=\"\" width=\"800\" height=\"486\" srcset=\"http:\/\/petras-testparcour.de\/wp-content\/uploads\/2018\/04\/Stufe-2.jpg 800w, http:\/\/petras-testparcour.de\/wp-content\/uploads\/2018\/04\/Stufe-2-300x182.jpg 300w, http:\/\/petras-testparcour.de\/wp-content\/uploads\/2018\/04\/Stufe-2-768x467.jpg 768w\" sizes=\"(max-width: 800px) 100vw, 800px\" \/><\/a><\/p>\n<p style=\"text-align: justify;\"><em>Nat\u00fcrlich ist das alles viel mehr Arbeit, denn die Bretter m\u00fcssen in unterschiedliche L\u00e4ngen geschnitten und zusammengesetzt werden. Hinzu kommt, dass das Holz f\u00fcr die Befestigung vorgebohrt werden muss, damit es beim Verschrauben nicht splittert bzw. rei\u00dft. Ganz wichtig ist, dass f\u00fcr die Verschraubungen Edelstahlschrauben verwendet werden, da diese nicht rosten und somit auch keine Verf\u00e4rbungen entstehen k\u00f6nnen. In m\u00fchevoller Feinarbeit\u00a0konnte man sehen wie\u00a0mit jeder einzelnen Diele nach und nach eine wundersch\u00f6ne Terrasse mit einem ganz besonderen Flair entsteht. Seht selbst, sieht das nicht gro\u00dfartig aus? Das Muster kommt wunderbar zum Vorschein und die Terrasse ist einfach nur traumhaft geworden. Wir sind jedenfalls absolut begeistert von unserer neuen Wohlf\u00fchloase. \ud83d\ude42<\/em><\/p>\n<p style=\"text-align: justify;\"><em><a href=\"http:\/\/petras-testparcour.de\/?attachment_id=5162\" rel=\"attachment wp-att-5162\"><img loading=\"lazy\" class=\"alignnone size-full wp-image-5162\" src=\"http:\/\/petras-testparcour.de\/wp-content\/uploads\/2018\/04\/Douglasie-Terrassendielen.jpg\" alt=\"\" width=\"800\" height=\"513\" srcset=\"http:\/\/petras-testparcour.de\/wp-content\/uploads\/2018\/04\/Douglasie-Terrassendielen.jpg 800w, http:\/\/petras-testparcour.de\/wp-content\/uploads\/2018\/04\/Douglasie-Terrassendielen-300x192.jpg 300w, http:\/\/petras-testparcour.de\/wp-content\/uploads\/2018\/04\/Douglasie-Terrassendielen-768x492.jpg 768w\" sizes=\"(max-width: 800px) 100vw, 800px\" \/><\/a><\/em><\/p>\n<p style=\"text-align: justify;\"><a href=\"http:\/\/petras-testparcour.de\/?attachment_id=5164\" rel=\"attachment wp-att-5164\"><img loading=\"lazy\" class=\"alignnone size-full wp-image-5164\" src=\"http:\/\/petras-testparcour.de\/wp-content\/uploads\/2018\/04\/Terrasse-1.jpg\" alt=\"\" width=\"800\" height=\"635\" srcset=\"http:\/\/petras-testparcour.de\/wp-content\/uploads\/2018\/04\/Terrasse-1.jpg 800w, http:\/\/petras-testparcour.de\/wp-content\/uploads\/2018\/04\/Terrasse-1-300x238.jpg 300w, http:\/\/petras-testparcour.de\/wp-content\/uploads\/2018\/04\/Terrasse-1-768x610.jpg 768w\" sizes=\"(max-width: 800px) 100vw, 800px\" \/><\/a><\/p>\n<p style=\"text-align: justify;\"><em>Falls ihr auch ein solches Projekt, oder etwas Vergleichbares plant, dann kann ich euch nur empfehlen mal bei Holz-Wohnen-Garten reinzuschauen. Das Sortiment im Bereich Haus- und Gartengestaltung ist breit gef\u00e4chert \u2013 von Terrassen- \u00fcber Fassadenholz, Blockbohlen, Zaunlatten und vielerlei mehr. Neben Douglasie\u00a0gibt es noch viele andere unterschiedliche Holzarten wie bspw. Bangkirai, Cumaru, BPC, Thermo-Esche usw. Je nach Geschmack kann man die f\u00fcr sich beste Sortierung w\u00e4hlen \u2013 und dank Direktimport bekommt man die Produkte auch noch zu TOP Preisen. Es lohnt sich definitiv!<\/em><\/p>\n","protected":false},"excerpt":{"rendered":"<p>*Werbung* \u00a0\u00a0Das Fr\u00fchjahr ist nun endlich da und die ersten Sonnenstrahlen lassen sich\u00a0so langsam blicken &#8211; nat\u00fcrlich m\u00f6chte man\u00a0nun auch m\u00f6glichst jede freie Minute drau\u00dfen verbringen. Nachdem wir im letzten Jahr erst den Sichtschutz bei uns erneuert haben, wollten wir in diesem Fr\u00fchjahr unsere Terrasse neu gestalten \u2013 und zwar mit Terrassendielen aus Holz. Zum &hellip; <a href=\"http:\/\/petras-testparcour.de\/?p=5149\" class=\"more-link\"><span class=\"screen-reader-text\">Terrassendielen Douglasie\u2026<\/span> weiterlesen <span class=\"meta-nav\">&rarr;<\/span><\/a><\/p>\n","protected":false},"author":1,"featured_media":0,"comment_status":"closed","ping_status":"open","sticky":false,"template":"","format":"standard","meta":[],"categories":[681,579],"tags":[],"_links":{"self":[{"href":"http:\/\/petras-testparcour.de\/index.php?rest_route=\/wp\/v2\/posts\/5149"}],"collection":[{"href":"http:\/\/petras-testparcour.de\/index.php?rest_route=\/wp\/v2\/posts"}],"about":[{"href":"http:\/\/petras-testparcour.de\/index.php?rest_route=\/wp\/v2\/types\/post"}],"author":[{"embeddable":true,"href":"http:\/\/petras-testparcour.de\/index.php?rest_route=\/wp\/v2\/users\/1"}],"replies":[{"embeddable":true,"href":"http:\/\/petras-testparcour.de\/index.php?rest_route=%2Fwp%2Fv2%2Fcomments&post=5149"}],"version-history":[{"count":14,"href":"http:\/\/petras-testparcour.de\/index.php?rest_route=\/wp\/v2\/posts\/5149\/revisions"}],"predecessor-version":[{"id":5370,"href":"http:\/\/petras-testparcour.de\/index.php?rest_route=\/wp\/v2\/posts\/5149\/revisions\/5370"}],"wp:attachment":[{"href":"http:\/\/petras-testparcour.de\/index.php?rest_route=%2Fwp%2Fv2%2Fmedia&parent=5149"}],"wp:term":[{"taxonomy":"category","embeddable":true,"href":"http:\/\/petras-testparcour.de\/index.php?rest_route=%2Fwp%2Fv2%2Fcategories&post=5149"},{"taxonomy":"post_tag","embeddable":true,"href":"http:\/\/petras-testparcour.de\/index.php?rest_route=%2Fwp%2Fv2%2Ftags&post=5149"}],"curies":[{"name":"wp","href":"https:\/\/api.w.org\/{rel}","templated":true}]}}